{"id":3091,"date":"2025-10-01T23:37:24","date_gmt":"2025-10-01T15:37:24","guid":{"rendered":"https:\/\/demo.weblizar.com\/appointment-scheduler-pro-admin-demo\/l-univers-a-l-echelle-de-planck-le-seuil-quantique-de-crazy-time\/"},"modified":"2025-10-01T23:37:24","modified_gmt":"2025-10-01T15:37:24","slug":"l-univers-a-l-echelle-de-planck-le-seuil-quantique-de-crazy-time","status":"publish","type":"post","link":"https:\/\/demo.weblizar.com\/appointment-scheduler-pro-admin-demo\/l-univers-a-l-echelle-de-planck-le-seuil-quantique-de-crazy-time\/","title":{"rendered":"L\u2019univers \u00e0 l\u2019\u00e9chelle de Planck : le seuil quantique de Crazy Time"},"content":{"rendered":"<h2>1. La physique \u00e0 l\u2019\u00e9chelle invisible : introduction au seuil de Planck<\/h2>\n<blockquote><p>\n  \u00ab \u00c0 l\u2019\u00e9chelle de Planck, les lois connues de la physique s\u2019effacent. Le temps, l\u2019espace, la mati\u00e8re \u2014 tout devient une danse quantique o\u00f9 la certitude c\u00e8de place au probabilisme. \u00bb\n<\/p><\/blockquote>\n<p>\u00c0 l\u2019\u00e9chelle de Planck \u2014 environ 10\u207b\u00b3\u2075 m\u00e8tres \u2014 notre intuition s\u2019effondre. Cette dimension, si minuscule, marque la fronti\u00e8re o\u00f9 la m\u00e9canique quantique et la relativit\u00e9 g\u00e9n\u00e9rale s\u2019affrontent, obligeant la physique \u00e0 repenser ses fondations. Ce seuil, bien invisible, est pourtant fondamental : il incarne un univers o\u00f9 le temps pourrait ne plus couler de mani\u00e8re continue, mais plut\u00f4t \u00ab granuleux \u00bb \u2014 comme un grain de sable quantique.<\/p>\n<p>En France, ce concept fascine autant les chercheurs que le grand public. Les analogies avec la nature \u2014 spirales de coquillages, motifs floraux, formes galactiques \u2014 r\u00e9v\u00e8lent une harmonie profonde, souvent per\u00e7ue comme sacr\u00e9e, que la science d\u00e9couvre \u00e0 explorer.<\/p>\n<hr \/>\n<h2>2. La constante de Planck : une unit\u00e9 fondamentale du temps quantique<\/h2>\n<p><strong>La constante de Planck, h = 6,62607015 \u00d7 10\u207b\u00b3\u2074 J\u00b7s, fix\u00e9e en 2019, est le marqueur pr\u00e9cis de ce seuil.<\/strong> Elle incarne la limite au-del\u00e0 de laquelle les notions classiques de temps et d\u2019espace perdent leur sens. En physique th\u00e9orique, elle d\u00e9finit une \u00e9chelle o\u00f9 les fluctuations quantiques dominent, comparables aux vagues imperceptibles au fond de l\u2019oc\u00e9an. \u00c0 cette \u00e9chelle, le temps n\u2019est plus une fl\u00e8che lin\u00e9aire mais une dimension fragile, bris\u00e9e par l\u2019incertitude quantique.<\/p>\n<p>Pour un lecteur fran\u00e7ais, cela \u00e9voque une rupture radicale avec l\u2019intuition : le temps n\u2019est pas infini, mais limit\u00e9. Cette id\u00e9e r\u00e9sonne avec la philosophie sto\u00efcienne, qui c\u00e9l\u00e8bre la finitude comme fondement de la sagesse.<\/p>\n<p>| \u00c9chelle               | Compr\u00e9hension classique        | R\u00e9alit\u00e9 quantique \u00e0 Planck           |<br \/>\n|&#8212;&#8212;&#8212;&#8212;&#8212;&#8212;&#8212;-|&#8212;&#8212;&#8212;&#8212;&#8212;&#8212;&#8212;&#8212;&#8212;&#8212;-|&#8212;&#8212;&#8212;&#8212;&#8212;&#8212;&#8212;&#8212;&#8212;&#8212;&#8212;&#8212;-|<br \/>\n| Temps                | Continue, infinie              | Discontinue, granuleuse              |<br \/>\n| Espace               | Lisse, infiniment divisible    | Discr\u00e8te, fluctue chaotiquement      |<br \/>\n| Mesure               | Fixe, pr\u00e9cise                  | Probabiliste, li\u00e9e \u00e0 l\u2019observation   |<\/p>\n<hr \/>\n<h2>3. Le nombre d\u2019or et la spirale de la nature \u00e0 l\u2019\u00e9chelle quantique<\/h2>\n<p>Le nombre d\u2019or, \u03c6 \u2248 1,618, se retrouve dans 89 % des formes naturelles \u2014 coquillages, galaxies, fleurs \u2014 t\u00e9moignant d\u2019un ordre math\u00e9matique universel. \u00c0 l\u2019\u00e9chelle de Planck, cette proportion pourrait refl\u00e9ter une g\u00e9om\u00e9trie quantique sous-jacente, invisible mais fondamentale, organisant l\u2019espace avec une pr\u00e9cision qui rappelle les canons de la Renaissance ou les motifs m\u00e9di\u00e9vaux o\u00f9 le sacr\u00e9 s\u2019exprime par la proportion divine.<\/p>\n<p>En France, cette esth\u00e9tique relie science et art, rappelant que la beaut\u00e9 n\u2019est pas seulement visuelle, mais structurelle. La spirale logarithmique, proche du nombre d\u2019or, appara\u00eet dans la forme du coquillage de la nautile \u2014 un motif aussi ancien que la nature elle-m\u00eame.<\/p>\n<h3>Exemple concret : la nautile et la g\u00e9om\u00e9trie sacr\u00e9e<\/h3>\n<p>La coquille de la nautile grandit en suivant une spirale logarithmique, o\u00f9 chaque tour mesure environ 1,618 fois plus grand que le pr\u00e9c\u00e9dent \u2014 un reflet du nombre d\u2019or. Cette forme, \u00e0 la fois harmonieuse et fonctionnelle, incarne une logique biologique profond\u00e9ment ancr\u00e9e, que la physique moderne d\u00e9couvre aujourd\u2019hui comme un \u00e9cho possible des lois quantiques \u00e0 l\u2019\u00e9chelle de Planck.<\/p>\n<hr \/>\n<h2>4. Gravitation quantique : l\u2019attraction \u00e0 la limite de la r\u00e9alit\u00e9<\/h2>\n<p>\u00c0 une masse de 1 kg s\u00e9par\u00e9es par 1 m\u00e8tre, l\u2019attraction newtonienne est d\u2019environ 6,67 \u00d7 10\u207b\u00b9\u00b9 N \u2014 une force si faible qu\u2019elle semble n\u00e9gligeable. Mais \u00e0 l\u2019\u00e9chelle de Planck, cette attraction devient un t\u00e9moin privil\u00e9gi\u00e9 de la gravitation quantique, o\u00f9 l\u2019espace-temps lui-m\u00eame se comporte comme un oc\u00e9an turbulent, tiss\u00e9 de fluctuations chaotiques.<\/p>\n<p>Ce ph\u00e9nom\u00e8ne inspire des recherches majeures en physique th\u00e9orique, notamment autour du Big Bang, o\u00f9 les conditions extr\u00eames exigent une fusion entre m\u00e9canique quantique et relativit\u00e9. En France, ces questions alimentent les discussions autour des origines de l\u2019univers, th\u00e8mes chers \u00e0 la culture scientifique, o\u00f9 la physique d\u00e9passe le laboratoire pour toucher l\u2019imaginaire collectif.<\/p>\n<h2>5. Crazy Time : une m\u00e9taphore du temps quantique \u00e0 la fran\u00e7aise<\/h2>\n<blockquote><p>\n  \u00ab Crazy Time n\u2019est pas une th\u00e9orie, mais une image : le temps qui, au seuil de Planck, cesse d\u2019\u00eatre une fl\u00e8che et devient une dimension disjointe, \u00e9nigmatique, o\u00f9 pass\u00e9, pr\u00e9sent et futur s\u2019entrem\u00ealent dans une danse quantique. \u00bb\n<\/p><\/blockquote>\n<p>Ce concept, simple mais puissant, illustre comment la physique moderne red\u00e9finit notre rapport au temps \u2014 une id\u00e9e profond\u00e9ment ancr\u00e9e dans la culture fran\u00e7aise. Entre po\u00e9sie existentielle et r\u00e9flexion philosophique, \u00ab Crazy Time \u00bb invite le lecteur \u00e0 reconsid\u00e9rer sa propre temporalit\u00e9, non pas comme une fl\u00e8che infinie, mais comme un instant fragile, charg\u00e9 de sens.<\/p>\n<p>En France, ce n\u2019est pas seulement un ph\u00e9nom\u00e8ne scientifique, mais une invitation \u00e0 repenser la temporalit\u00e9 \u00e0 l\u2019aune de d\u00e9couvertes modernes \u2014 un pont entre rigueur et imagination, o\u00f9 science et culture se rencontrent.<\/p>\n<hr \/>\n<p>Pour approfondir ce voyage au c\u0153ur de l\u2019infime, d\u00e9couvrez <a href=\"https:\/\/playcrazytime.fr\/\" target=\"_blank\">chez ParionsWeb ils ont \u00e7a aussi<\/a> \u2014 une exploration immersive o\u00f9 science et esth\u00e9tique se rejoignent.<\/p>\n","protected":false},"excerpt":{"rendered":"<p>1. La physique \u00e0 l\u2019\u00e9chelle invisible : introduction au seuil de Planck \u00ab \u00c0 l\u2019\u00e9chelle de Planck, les lois connues de la physique s\u2019effacent. Le temps, l\u2019espace, la mati\u00e8re \u2014 tout devient une danse quantique o\u00f9 la certitude c\u00e8de place au probabilisme. \u00bb \u00c0 l\u2019\u00e9chelle de Planck \u2014 environ 10\u207b\u00b3\u2075 m\u00e8tres \u2014 notre intuition s\u2019effondre.<\/p>\n","protected":false},"author":5599,"featured_media":0,"comment_status":"closed","ping_status":"closed","sticky":false,"template":"","format":"standard","meta":{"footnotes":""},"categories":[1],"tags":[],"class_list":["post-3091","post","type-post","status-publish","format-standard","hentry","category-uncategorized"],"_links":{"self":[{"href":"https:\/\/demo.weblizar.com\/appointment-scheduler-pro-admin-demo\/wp-json\/wp\/v2\/posts\/3091","targetHints":{"allow":["GET"]}}],"collection":[{"href":"https:\/\/demo.weblizar.com\/appointment-scheduler-pro-admin-demo\/wp-json\/wp\/v2\/posts"}],"about":[{"href":"https:\/\/demo.weblizar.com\/appointment-scheduler-pro-admin-demo\/wp-json\/wp\/v2\/types\/post"}],"author":[{"embeddable":true,"href":"https:\/\/demo.weblizar.com\/appointment-scheduler-pro-admin-demo\/wp-json\/wp\/v2\/users\/5599"}],"replies":[{"embeddable":true,"href":"https:\/\/demo.weblizar.com\/appointment-scheduler-pro-admin-demo\/wp-json\/wp\/v2\/comments?post=3091"}],"version-history":[{"count":0,"href":"https:\/\/demo.weblizar.com\/appointment-scheduler-pro-admin-demo\/wp-json\/wp\/v2\/posts\/3091\/revisions"}],"wp:attachment":[{"href":"https:\/\/demo.weblizar.com\/appointment-scheduler-pro-admin-demo\/wp-json\/wp\/v2\/media?parent=3091"}],"wp:term":[{"taxonomy":"category","embeddable":true,"href":"https:\/\/demo.weblizar.com\/appointment-scheduler-pro-admin-demo\/wp-json\/wp\/v2\/categories?post=3091"},{"taxonomy":"post_tag","embeddable":true,"href":"https:\/\/demo.weblizar.com\/appointment-scheduler-pro-admin-demo\/wp-json\/wp\/v2\/tags?post=3091"}],"curies":[{"name":"wp","href":"https:\/\/api.w.org\/{rel}","templated":true}]}}