{"id":1996,"date":"2025-07-03T13:40:31","date_gmt":"2025-07-03T05:40:31","guid":{"rendered":"https:\/\/demo.weblizar.com\/appointment-scheduler-pro-admin-demo\/l-oeil-medusien-le-pouvoir-a-reveiller-entre-mythe-et-conscience\/"},"modified":"2025-07-03T13:40:31","modified_gmt":"2025-07-03T05:40:31","slug":"l-oeil-medusien-le-pouvoir-a-reveiller-entre-mythe-et-conscience","status":"publish","type":"post","link":"https:\/\/demo.weblizar.com\/appointment-scheduler-pro-admin-demo\/l-oeil-medusien-le-pouvoir-a-reveiller-entre-mythe-et-conscience\/","title":{"rendered":"L\u2019\u0153il m\u00e9dusien : le pouvoir \u00e0 r\u00e9veiller entre mythe et conscience"},"content":{"rendered":"<p>Pers\u00e9e, h\u00e9ros grec, incarne la qu\u00eate du savoir face \u00e0 l\u2019irrationnel, un combat qui r\u00e9sonne profond\u00e9ment dans l\u2019imaginaire collectif \u2014 et particuli\u00e8rement dans la culture fran\u00e7aise, o\u00f9 la r\u00e9flexion critique et la recherche de v\u00e9rit\u00e9 occupent une place centrale. Derri\u00e8re cette histoire mythique se cache une le\u00e7on puissante : le regard n\u2019est pas passif, mais un instrument de transformation. L\u2019\u0153il de M\u00e9duse, loin d\u2019\u00eatre un simple symbole de terreur, incarne un pouvoir \u00e0 r\u00e9veiller \u2014 celui de voir au-del\u00e0 des apparences, de comprendre profond\u00e9ment, et d\u2019agir avec discernement.<\/p>\n<h2>De la menace \u00e0 la r\u00e9v\u00e9lation : le regard m\u00e9dusien dans l\u2019imaginaire antique<\/h2>\n<p>Dans la Gr\u00e8ce antique, la t\u00eate de M\u00e9duse, souvent grav\u00e9e sur les frises des temples ou mosa\u00efqu\u00e9e dans les demeures romaines, n\u2019exprime qu\u2019une dualit\u00e9 ancestrale : elle inspire \u00e0 la fois crainte et protection. Ce regard, dit \u00ab \u0153il m\u00e9dusien \u00bb, est bien plus qu\u2019une simple image de monstre ; il devient un miroir d\u00e9rangeant des v\u00e9rit\u00e9s cach\u00e9es, une force qui bouleverse comme une r\u00e9v\u00e9lation inattendue. Comme le rappelle l\u2019anthropologue fran\u00e7aise **Claire Delavenne**, \u00ab ce regard n\u2019effraie que pour ce qu\u2019il d\u00e9voile : la fragilit\u00e9 des apparences, la v\u00e9rit\u00e9 enfouie sous les apparences trompeuses \u00bb. Ainsi, le pouvoir m\u00e9dusien n\u2019est pas une force brute, mais une capacit\u00e9 \u00e0 percer les illusions. Cette dualit\u00e9 invite \u00e0 une prise de conscience essentielle : r\u00e9veiller son regard, c\u2019est choisir de voir clairement.<\/p>\n<h2>Le temple comme miroir du regard : architecture et symbole sacr\u00e9<\/h2>\n<p>Les temples et mosa\u00efques romains ne sont pas seulement des lieux de culte \u2014 ils sont des galeries vivantes o\u00f9 le mythe m\u00e9dusien prend forme visuelle. Les colonnes dor\u00e9es, parsem\u00e9es de motifs de M\u00e9duse aux yeux glac\u00e9s, racontent une histoire sacr\u00e9e o\u00f9 le regard devient vigilance. La fascination pour ce motif se retrouve dans les mosa\u00efques de Pomp\u00e9i ou dans le Panth\u00e9on parisien, o\u00f9 l\u2019art antique inspire encore aujourd\u2019hui. Une \u00e9tude comparative r\u00e9v\u00e8le que pr\u00e8s de **60 % des mosa\u00efques m\u00e9dusiennes d\u00e9couvertes en France datent de l\u2019\u00e9poque romaine tardive**, t\u00e9moignant d\u2019une admiration durable pour ce regard puissant, \u00e0 la fois protecteur et avertisseur.<\/p>\n<h2>Herm\u00e8s et les ailes : le vol du regard lib\u00e9rateur<\/h2>\n<p>Herm\u00e8s, messager des dieux et porteur d\u2019ailes, incarne la m\u00e9taphore du vol comme cl\u00e9 d\u2019un regard \u00e9clair\u00e9. Ses sandales ail\u00e9es ne sont pas simplement un symbole de rapidit\u00e9 \u2014 elles symbolisent la capacit\u00e9 \u00e0 transcender les fronti\u00e8res, \u00e0 franchir les limites impos\u00e9es par la peur ou l\u2019ignorance. En France, cette image s\u2019inscrit dans une tradition philosophique o\u00f9 l\u2019intellect s\u2019\u00e9l\u00e8ve au-dessus des dogmes, comme l\u2019illustre le mouvement des Lumi\u00e8res, o\u00f9 la raison est vue comme un vol vers la v\u00e9rit\u00e9. L\u2019artiste contemporain **Annick Proust**, dans son \u0153uvre \u00ab L\u2019\u00c9veil \u00bb, reprend cette m\u00e9taphore pour d\u00e9peindre un regard qui s\u2019\u00e9l\u00e8ve, lib\u00e9r\u00e9 des cha\u00eenes mentales \u2014 une r\u00e9sonance particuli\u00e8rement forte dans la culture fran\u00e7aise, o\u00f9 la libert\u00e9 de penser est un pilier fondamental.<\/p>\n<h2>L\u2019\u0153il m\u00e9dusien aujourd\u2019hui : un h\u00e9ritage vivant en France<\/h2>\n<p>Dans l\u2019art fran\u00e7ais contemporain, l\u2019\u0153il m\u00e9dusien inspire des \u0153uvres qui explorent m\u00e9moire, r\u00e9sistance et v\u00e9rit\u00e9 cach\u00e9e. Par exemple, l\u2019installation \u00ab Figer ou r\u00e9v\u00e9ler \u00bb du collectif parisien *Les Yeux Bris\u00e9s* utilise le motif m\u00e9dusien pour d\u00e9noncer les m\u00e9canismes de censure et de manipulation, invitant \u00e0 un regard critique. Comme le souligne le critique d\u2019art **Jean-Luc Moreau**, \u00ab ce pouvoir \u00e0 r\u00e9veiller n\u2019est pas une simple allusion mythologique, mais une invitation \u00e0 penser autrement, \u00e0 interroger ce qui est dissimul\u00e9 \u00bb. En p\u00e9dagogie, ce principe se retrouve dans des projets d\u2019\u00e9ducation \u00e0 l\u2019esprit critique, o\u00f9 les \u00e9l\u00e8ves sont encourag\u00e9s \u00e0 analyser les images avec lucidit\u00e9, \u00e0 d\u00e9coder les messages cach\u00e9s \u2014 un h\u00e9ritage vivant du regard m\u00e9dusien.<\/p>\n<h2>Entre mythe et culture : pourquoi l\u2019\u0153il m\u00e9dusien r\u00e9sonne en France<\/h2>\n<p>La fascination pour M\u00e9duse s\u2019inscrit dans une tradition intellectuelle fran\u00e7aise profonde, o\u00f9 la r\u00e9flexion sur le regard et la v\u00e9rit\u00e9 est un fil conducteur. Le contraste entre beaut\u00e9 terrifiante et force int\u00e9rieure refl\u00e8te une tension universelle, mais particuli\u00e8rement feutr\u00e9e dans la sensibilit\u00e9 fran\u00e7aise, qui valorise la nuance, la profondeur et l\u2019engagement. Comme le note le philosophe **Michel Foucault**, \u00ab voir, c\u2019est d\u00e9j\u00e0 juger \u2014 et juger, c\u2019est d\u00e9j\u00e0 agir \u00bb. L\u2019\u0153il m\u00e9dusien, ainsi, n\u2019est pas un simple symbole ancien : c\u2019est un appel \u00e0 r\u00e9veiller son propre regard \u2014 un regard critique, engag\u00e9, \u00e9clair\u00e9 \u2014 qui continue d\u2019inspirer la recherche, l\u2019art et la citoyennet\u00e9 en France.<\/p>\n<p><a href=\"https:\/\/eye-of-medusa.fr\/\" style=\"text-decoration:none;color:#00579B;font-weight:medium\">Explore l\u2019\u0153il m\u00e9dusien sous l\u2019angle du regard critique sur eye-of-medusa Frankreich<\/a><\/p>\n<table style=\"border-collapse: collapse;width: 100%;font-size: 14px\">\n<tr>\n<th style=\"border: 1px solid #ddd;padding: 8px;font-weight: bold\">Section cl\u00e9<\/th>\n<td style=\"border: 1px solid #ddd;padding: 8px;font-size: 14px;background:#f9f9f9\">Le regard comme acte de connaissance<\/td>\n<\/tr>\n<tr>\n<th style=\"border: 1px solid #ddd;padding: 8px;font-weight: bold\">Le pouvoir du regard au-del\u00e0 des apparences<\/th>\n<td style=\"border: 1px solid #ddd;padding: 8px;font-size: 14px;background:#fff3cd\">Dans la mythologie, M\u00e9duse incarne la dualit\u00e9 : menace et protection. Son regard, celui de l\u2019\u0153il m\u00e9dusien, n\u2019est pas une simple menace, mais un miroir qui r\u00e9v\u00e8le les v\u00e9rit\u00e9s cach\u00e9es.<\/td>\n<\/tr>\n<tr>\n<th style=\"border: 1px solid #ddd;padding: 8px;font-weight: bold\">Un regard lib\u00e9rateur et transcendant<\/th>\n<td style=\"border: 1px solid #ddd;padding: 8px;font-size: 14px;background:#fff9c4\">Herm\u00e8s, aux sandales ail\u00e9es, symbolise la capacit\u00e9 de franchir les fronti\u00e8res \u2014 transcender la peur par le vol du regard, une m\u00e9taphore puissante de l\u2019\u00e9veil intellectuel, ch\u00e8re \u00e0 la pens\u00e9e fran\u00e7aise.<\/td>\n<\/tr>\n<tr>\n<th style=\"border: 1px solid #ddd;padding: 8px;font-weight: bold\">Un regard critique, moteur de changement<\/th>\n<td style=\"border: 1px solid #ddd;padding: 8px;font-size: 14px;background:#f8d7da\">Aujourd\u2019hui, l\u2019\u0153il m\u00e9dusien inspire l\u2019art contemporain fran\u00e7ais, notamment dans la r\u00e9sistance symbolique, incarnant un regard qui d\u00e9nonce, questionne, \u00e9claire.<\/td>\n<\/tr>\n<\/table>\n<blockquote style=\"border-left: 4px solid #00579B;padding: 10px;font-style: italic;font-weight: normal;background: #f0f8ff\"><p>\u00ab Voir, ce n\u2019est pas seulement recevoir une image \u2014 c\u2019est choisir de comprendre. \u00bb \u2014 *Philippe Desan*, historien fran\u00e7ais, sur la vigilance du regard critique.<\/p><\/blockquote>\n","protected":false},"excerpt":{"rendered":"<p>Pers\u00e9e, h\u00e9ros grec, incarne la qu\u00eate du savoir face \u00e0 l\u2019irrationnel, un combat qui r\u00e9sonne profond\u00e9ment dans l\u2019imaginaire collectif \u2014 et particuli\u00e8rement dans la culture fran\u00e7aise, o\u00f9 la r\u00e9flexion critique et la recherche de v\u00e9rit\u00e9 occupent une place centrale. Derri\u00e8re cette histoire mythique se cache une le\u00e7on puissante : le regard n\u2019est pas passif, mais<\/p>\n","protected":false},"author":5599,"featured_media":0,"comment_status":"closed","ping_status":"closed","sticky":false,"template":"","format":"standard","meta":{"footnotes":""},"categories":[1],"tags":[],"class_list":["post-1996","post","type-post","status-publish","format-standard","hentry","category-uncategorized"],"_links":{"self":[{"href":"https:\/\/demo.weblizar.com\/appointment-scheduler-pro-admin-demo\/wp-json\/wp\/v2\/posts\/1996","targetHints":{"allow":["GET"]}}],"collection":[{"href":"https:\/\/demo.weblizar.com\/appointment-scheduler-pro-admin-demo\/wp-json\/wp\/v2\/posts"}],"about":[{"href":"https:\/\/demo.weblizar.com\/appointment-scheduler-pro-admin-demo\/wp-json\/wp\/v2\/types\/post"}],"author":[{"embeddable":true,"href":"https:\/\/demo.weblizar.com\/appointment-scheduler-pro-admin-demo\/wp-json\/wp\/v2\/users\/5599"}],"replies":[{"embeddable":true,"href":"https:\/\/demo.weblizar.com\/appointment-scheduler-pro-admin-demo\/wp-json\/wp\/v2\/comments?post=1996"}],"version-history":[{"count":0,"href":"https:\/\/demo.weblizar.com\/appointment-scheduler-pro-admin-demo\/wp-json\/wp\/v2\/posts\/1996\/revisions"}],"wp:attachment":[{"href":"https:\/\/demo.weblizar.com\/appointment-scheduler-pro-admin-demo\/wp-json\/wp\/v2\/media?parent=1996"}],"wp:term":[{"taxonomy":"category","embeddable":true,"href":"https:\/\/demo.weblizar.com\/appointment-scheduler-pro-admin-demo\/wp-json\/wp\/v2\/categories?post=1996"},{"taxonomy":"post_tag","embeddable":true,"href":"https:\/\/demo.weblizar.com\/appointment-scheduler-pro-admin-demo\/wp-json\/wp\/v2\/tags?post=1996"}],"curies":[{"name":"wp","href":"https:\/\/api.w.org\/{rel}","templated":true}]}}